{"id":1997,"date":"2019-06-20T17:22:49","date_gmt":"2019-06-20T16:22:49","guid":{"rendered":"http:\/\/www.avantquecacommence.fr\/wp\/?p=1997"},"modified":"2019-06-24T17:41:53","modified_gmt":"2019-06-24T16:41:53","slug":"fete-de-la-musique-2019","status":"publish","type":"post","link":"https:\/\/www.avantquecacommence.fr\/wp\/?p=1997","title":{"rendered":"F\u00eate de la musique 2019"},"content":{"rendered":"<p>Tous demain au jardin partag\u00e9, rue du professeur Bergoni\u00e9 au Kremlin Bic\u00eatre<\/p>\n<p>A partir de 18h30&#8230;&nbsp;<\/p>\n<p>Au programme :<\/p>\n<ol>\n<li>LA chorale Avant que \u00e7a commence, 20 chanteurs qui chantent vari\u00e9t\u00e9s fran\u00e7ais et internationales et standards de jazz<\/li>\n<li>2 musiciens-chanteurs du groupe GA\u00c0DA, Dimli Mohamed et Abdelati Laoufi accompagn\u00e9s d&rsquo;Angela Motzko chanteuse interpr\u00e9teront des chansons pour tous les \u00e2ges sur des sonorit\u00e9s maghr\u00e9bines<\/li>\n<\/ol>\n<p>Et buffet partag\u00e9, chacun(e) apporte \u00e0 manger et on partage*<\/p>\n<h6>*Pour limiter les d\u00e9chets plastique jetable&nbsp; , merci d&rsquo;apporter votre kit pique nique, au cas \u00e9ch\u00e9ant, pour celles et ceux qui viennent direct du travail on aura quelques assiettes cartons et verres .<\/h6>\n<p><img loading=\"lazy\" decoding=\"async\" class=\"aligncenter wp-image-2005 size-medium\" src=\"http:\/\/www.avantquecacommence.fr\/wp\/wp-content\/uploads\/2019\/06\/aqcc-300x225.jpg\" alt=\"\" width=\"300\" height=\"225\" srcset=\"https:\/\/www.avantquecacommence.fr\/wp\/wp-content\/uploads\/2019\/06\/aqcc-300x225.jpg 300w, https:\/\/www.avantquecacommence.fr\/wp\/wp-content\/uploads\/2019\/06\/aqcc-768x576.jpg 768w, https:\/\/www.avantquecacommence.fr\/wp\/wp-content\/uploads\/2019\/06\/aqcc.jpg 960w\" sizes=\"auto, (max-width: 300px) 100vw, 300px\" \/><\/p>\n","protected":false},"excerpt":{"rendered":"<p>Tous demain au jardin partag\u00e9, rue du professeur Bergoni\u00e9 au Kremlin Bic\u00eatre A partir de 18h30&#8230;&nbsp; Au programme : LA chorale Avant que \u00e7a commence, 20 chanteurs qui chantent vari\u00e9t\u00e9s fran\u00e7ais et internationales et standards de jazz 2 musiciens-chanteurs du groupe GA\u00c0DA, Dimli Mohamed et Abdelati Laoufi accompagn\u00e9s d&rsquo;Angela Motzko chanteuse interpr\u00e9teront des chansons pour [&hellip;]<\/p>\n","protected":false},"author":2,"featured_media":0,"comment_status":"closed","ping_status":"closed","sticky":false,"template":"","format":"standard","meta":{"ngg_post_thumbnail":0,"footnotes":""},"categories":[4],"tags":[],"class_list":["post-1997","post","type-post","status-publish","format-standard","hentry","category-actualite"],"_links":{"self":[{"href":"https:\/\/www.avantquecacommence.fr\/wp\/index.php?rest_route=\/wp\/v2\/posts\/1997","targetHints":{"allow":["GET"]}}],"collection":[{"href":"https:\/\/www.avantquecacommence.fr\/wp\/index.php?rest_route=\/wp\/v2\/posts"}],"about":[{"href":"https:\/\/www.avantquecacommence.fr\/wp\/index.php?rest_route=\/wp\/v2\/types\/post"}],"author":[{"embeddable":true,"href":"https:\/\/www.avantquecacommence.fr\/wp\/index.php?rest_route=\/wp\/v2\/users\/2"}],"replies":[{"embeddable":true,"href":"https:\/\/www.avantquecacommence.fr\/wp\/index.php?rest_route=%2Fwp%2Fv2%2Fcomments&post=1997"}],"version-history":[{"count":4,"href":"https:\/\/www.avantquecacommence.fr\/wp\/index.php?rest_route=\/wp\/v2\/posts\/1997\/revisions"}],"predecessor-version":[{"id":2008,"href":"https:\/\/www.avantquecacommence.fr\/wp\/index.php?rest_route=\/wp\/v2\/posts\/1997\/revisions\/2008"}],"wp:attachment":[{"href":"https:\/\/www.avantquecacommence.fr\/wp\/index.php?rest_route=%2Fwp%2Fv2%2Fmedia&parent=1997"}],"wp:term":[{"taxonomy":"category","embeddable":true,"href":"https:\/\/www.avantquecacommence.fr\/wp\/index.php?rest_route=%2Fwp%2Fv2%2Fcategories&post=1997"},{"taxonomy":"post_tag","embeddable":true,"href":"https:\/\/www.avantquecacommence.fr\/wp\/index.php?rest_route=%2Fwp%2Fv2%2Ftags&post=1997"}],"curies":[{"name":"wp","href":"https:\/\/api.w.org\/{rel}","templated":true}]}}