{"id":2256,"date":"2025-06-06T08:48:50","date_gmt":"2025-06-06T07:48:50","guid":{"rendered":"https:\/\/www.avantquecacommence.fr\/wp\/?p=2256"},"modified":"2025-08-27T07:48:19","modified_gmt":"2025-08-27T06:48:19","slug":"festival-des-mots-dans-lair","status":"publish","type":"post","link":"https:\/\/www.avantquecacommence.fr\/wp\/?p=2256","title":{"rendered":"Festival des mots dans l&rsquo;air"},"content":{"rendered":"\n<p>Samedi 14 juin 2025 \u2013 de 10h \u00e0 22h<\/p>\n\n\n\n<p>Festival de th\u00e9\u00e2tre amateurs adolescent, rencontre de chorales, ateliers et jeux autour du mot, mise \u00e0 disposition de livre, fresque participative, d\u00e9tournement de livre, exposition et trocs de livre, le festival \u00ab <br><br><strong>Nous chantons 2 rue Courte \u00e0 Saint-Denis \u00e0 14h.<\/strong><\/p>\n\n\n\n<figure class=\"wp-block-image size-full\"><a href=\"https:\/\/www.avantquecacommence.fr\/wp\/wp-content\/uploads\/2025\/06\/Affiche-MDA-2025.png\"><img loading=\"lazy\" decoding=\"async\" width=\"842\" height=\"511\" src=\"https:\/\/www.avantquecacommence.fr\/wp\/wp-content\/uploads\/2025\/06\/Affiche-MDA-2025.png\" alt=\"\" class=\"wp-image-2257\" srcset=\"https:\/\/www.avantquecacommence.fr\/wp\/wp-content\/uploads\/2025\/06\/Affiche-MDA-2025.png 842w, https:\/\/www.avantquecacommence.fr\/wp\/wp-content\/uploads\/2025\/06\/Affiche-MDA-2025-300x182.png 300w, https:\/\/www.avantquecacommence.fr\/wp\/wp-content\/uploads\/2025\/06\/Affiche-MDA-2025-768x466.png 768w\" sizes=\"auto, (max-width: 842px) 100vw, 842px\" \/><\/a><\/figure>\n","protected":false},"excerpt":{"rendered":"<p>Samedi 14 juin 2025 \u2013 de 10h \u00e0 22h Festival de th\u00e9\u00e2tre amateurs adolescent, rencontre de chorales, ateliers et jeux autour du mot, mise \u00e0 disposition de livre, fresque participative, d\u00e9tournement de livre, exposition et trocs de livre, le festival \u00ab Nous chantons 2 rue Courte \u00e0 Saint-Denis \u00e0 14h.<\/p>\n","protected":false},"author":2,"featured_media":0,"comment_status":"closed","ping_status":"closed","sticky":false,"template":"","format":"standard","meta":{"ngg_post_thumbnail":0,"footnotes":""},"categories":[4],"tags":[],"class_list":["post-2256","post","type-post","status-publish","format-standard","hentry","category-actualite"],"_links":{"self":[{"href":"https:\/\/www.avantquecacommence.fr\/wp\/index.php?rest_route=\/wp\/v2\/posts\/2256","targetHints":{"allow":["GET"]}}],"collection":[{"href":"https:\/\/www.avantquecacommence.fr\/wp\/index.php?rest_route=\/wp\/v2\/posts"}],"about":[{"href":"https:\/\/www.avantquecacommence.fr\/wp\/index.php?rest_route=\/wp\/v2\/types\/post"}],"author":[{"embeddable":true,"href":"https:\/\/www.avantquecacommence.fr\/wp\/index.php?rest_route=\/wp\/v2\/users\/2"}],"replies":[{"embeddable":true,"href":"https:\/\/www.avantquecacommence.fr\/wp\/index.php?rest_route=%2Fwp%2Fv2%2Fcomments&post=2256"}],"version-history":[{"count":1,"href":"https:\/\/www.avantquecacommence.fr\/wp\/index.php?rest_route=\/wp\/v2\/posts\/2256\/revisions"}],"predecessor-version":[{"id":2258,"href":"https:\/\/www.avantquecacommence.fr\/wp\/index.php?rest_route=\/wp\/v2\/posts\/2256\/revisions\/2258"}],"wp:attachment":[{"href":"https:\/\/www.avantquecacommence.fr\/wp\/index.php?rest_route=%2Fwp%2Fv2%2Fmedia&parent=2256"}],"wp:term":[{"taxonomy":"category","embeddable":true,"href":"https:\/\/www.avantquecacommence.fr\/wp\/index.php?rest_route=%2Fwp%2Fv2%2Fcategories&post=2256"},{"taxonomy":"post_tag","embeddable":true,"href":"https:\/\/www.avantquecacommence.fr\/wp\/index.php?rest_route=%2Fwp%2Fv2%2Ftags&post=2256"}],"curies":[{"name":"wp","href":"https:\/\/api.w.org\/{rel}","templated":true}]}}